{"id":1888,"date":"2025-04-09T10:11:41","date_gmt":"2025-04-09T08:11:41","guid":{"rendered":"https:\/\/residenciasantjordi.es\/taller-de-lectura-en-residencia-sant-jordi\/"},"modified":"2025-04-14T13:02:00","modified_gmt":"2025-04-14T11:02:00","slug":"taller-de-lectura-amb-fundacio-la-calandria","status":"publish","type":"post","link":"https:\/\/residenciasantjordi.es\/ca\/taller-de-lectura-amb-fundacio-la-calandria\/","title":{"rendered":"Taller de lectura amb Fundaci\u00f3 La Calandria"},"content":{"rendered":"<div class=\"fusion-fullwidth fullwidth-box fusion-builder-row-1 fusion-flex-container has-pattern-background has-mask-background nonhundred-percent-fullwidth non-hundred-percent-height-scrolling\" style=\"--awb-border-radius-top-left:0px;--awb-border-radius-top-right:0px;--awb-border-radius-bottom-right:0px;--awb-border-radius-bottom-left:0px;--awb-flex-wrap:wrap;\" ><div class=\"fusion-builder-row fusion-row fusion-flex-align-items-flex-start fusion-flex-content-wrap\" style=\"max-width:1612px;margin-left: calc(-4% \/ 2 );margin-right: calc(-4% \/ 2 );\"><div class=\"fusion-layout-column fusion_builder_column fusion-builder-column-0 fusion_builder_column_1_1 1_1 fusion-flex-column\" style=\"--awb-bg-size:cover;--awb-width-large:100%;--awb-margin-top-large:0px;--awb-spacing-right-large:1.92%;--awb-margin-bottom-large:20px;--awb-spacing-left-large:1.92%;--awb-width-medium:100%;--awb-order-medium:0;--awb-spacing-right-medium:1.92%;--awb-spacing-left-medium:1.92%;--awb-width-small:100%;--awb-order-small:0;--awb-spacing-right-small:1.92%;--awb-spacing-left-small:1.92%;\"><div class=\"fusion-column-wrapper fusion-column-has-shadow fusion-flex-justify-content-flex-start fusion-content-layout-column\"><\/div><\/div><div class=\"fusion-layout-column fusion_builder_column fusion-builder-column-1 fusion_builder_column_1_2 1_2 fusion-flex-column\" style=\"--awb-bg-size:cover;--awb-width-large:50%;--awb-margin-top-large:0px;--awb-spacing-right-large:3.84%;--awb-margin-bottom-large:20px;--awb-spacing-left-large:3.84%;--awb-width-medium:50%;--awb-order-medium:0;--awb-spacing-right-medium:3.84%;--awb-spacing-left-medium:3.84%;--awb-width-small:100%;--awb-order-small:0;--awb-spacing-right-small:1.92%;--awb-spacing-left-small:1.92%;\" data-scroll-devices=\"small-visibility,medium-visibility,large-visibility\"><div class=\"fusion-column-wrapper fusion-column-has-shadow fusion-flex-justify-content-flex-start fusion-content-layout-column\"><div class=\"fusion-image-carousel fusion-image-carousel-auto fusion-image-carousel-1 lightbox-enabled\"><div class=\"awb-carousel awb-swiper awb-swiper-carousel awb-carousel--carousel awb-swiper-dots-position-bottom\" data-layout=\"carousel\" data-autoplay=\"no\" data-autoplayspeed=\"2500\" data-autoplaypause=\"no\" data-loop=\"yes\" data-columns=\"1\" data-columnsmedium=\"1\" data-columnssmall=\"1\" data-itemmargin=\"0\" data-itemwidth=\"180\" data-touchscroll=\"no\" data-freemode=\"no\" data-imagesize=\"auto\" data-scrollitems=\"0\" data-centeredslides=\"no\" data-rotationangle=\"50\" data-depth=\"100\" data-speed=\"500\" data-shadow=\"no\" data-pagination=\"bullets\" style=\"--awb-columns:1;--awb-column-spacing:0px;\"><div class=\"swiper-wrapper awb-image-carousel-wrapper fusion-flex-align-items-center\"><div class=\"swiper-slide\"><div class=\"fusion-carousel-item-wrapper\"><div class=\"fusion-image-wrapper hover-type-none\"><a data-rel=\"iLightbox[image_carousel_1]\" data-title=\"Taller de lectura con Fundaci\u00f3 La Calandria\" aria-label=\"Taller de lectura con Fundaci\u00f3 La Calandria\" href=\"https:\/\/residenciasantjordi.es\/wp-content\/uploads\/taller-lectura-3.webp\" target=\"_self\"><img decoding=\"async\" width=\"1024\" height=\"611\" src=\"https:\/\/residenciasantjordi.es\/wp-content\/uploads\/taller-lectura-3.webp\" class=\"attachment-full size-full\" alt=\"Taller de lectura con Fundaci\u00f3 La Calandria\" srcset=\"https:\/\/residenciasantjordi.es\/wp-content\/uploads\/taller-lectura-3-200x119.webp 200w, https:\/\/residenciasantjordi.es\/wp-content\/uploads\/taller-lectura-3-300x179.webp 300w, https:\/\/residenciasantjordi.es\/wp-content\/uploads\/taller-lectura-3-400x239.webp 400w, https:\/\/residenciasantjordi.es\/wp-content\/uploads\/taller-lectura-3-600x358.webp 600w, https:\/\/residenciasantjordi.es\/wp-content\/uploads\/taller-lectura-3-768x458.webp 768w, https:\/\/residenciasantjordi.es\/wp-content\/uploads\/taller-lectura-3-800x477.webp 800w, https:\/\/residenciasantjordi.es\/wp-content\/uploads\/taller-lectura-3.webp 1024w\" sizes=\"(max-width: 1024px) 100vw, 1024px\" \/><\/a><\/div><\/div><\/div><div class=\"swiper-slide\"><div class=\"fusion-carousel-item-wrapper\"><div class=\"fusion-image-wrapper hover-type-none\"><a data-rel=\"iLightbox[image_carousel_1]\" data-title=\"Taller de lectura con Fundaci\u00f3 La Calandria\" aria-label=\"Taller de lectura con Fundaci\u00f3 La Calandria\" href=\"https:\/\/residenciasantjordi.es\/wp-content\/uploads\/taller-lectura-4.webp\" target=\"_self\"><img decoding=\"async\" width=\"1024\" height=\"611\" src=\"https:\/\/residenciasantjordi.es\/wp-content\/uploads\/taller-lectura-4.webp\" class=\"attachment-full size-full\" alt=\"Taller de lectura con Fundaci\u00f3 La Calandria\" srcset=\"https:\/\/residenciasantjordi.es\/wp-content\/uploads\/taller-lectura-4-200x119.webp 200w, https:\/\/residenciasantjordi.es\/wp-content\/uploads\/taller-lectura-4-300x179.webp 300w, https:\/\/residenciasantjordi.es\/wp-content\/uploads\/taller-lectura-4-400x239.webp 400w, https:\/\/residenciasantjordi.es\/wp-content\/uploads\/taller-lectura-4-600x358.webp 600w, https:\/\/residenciasantjordi.es\/wp-content\/uploads\/taller-lectura-4-768x458.webp 768w, https:\/\/residenciasantjordi.es\/wp-content\/uploads\/taller-lectura-4-800x477.webp 800w, https:\/\/residenciasantjordi.es\/wp-content\/uploads\/taller-lectura-4.webp 1024w\" sizes=\"(max-width: 1024px) 100vw, 1024px\" \/><\/a><\/div><\/div><\/div><div class=\"swiper-slide\"><div class=\"fusion-carousel-item-wrapper\"><div class=\"fusion-image-wrapper hover-type-none\"><a data-rel=\"iLightbox[image_carousel_1]\" data-title=\"Taller de lectura con Fundaci\u00f3 La Calandria\" aria-label=\"Taller de lectura con Fundaci\u00f3 La Calandria\" href=\"https:\/\/residenciasantjordi.es\/wp-content\/uploads\/taller-lectura-1.webp\" target=\"_self\"><img decoding=\"async\" width=\"1024\" height=\"611\" src=\"https:\/\/residenciasantjordi.es\/wp-content\/uploads\/taller-lectura-1.webp\" class=\"attachment-full size-full\" alt=\"Taller de lectura con Fundaci\u00f3 La Calandria\" srcset=\"https:\/\/residenciasantjordi.es\/wp-content\/uploads\/taller-lectura-1-200x119.webp 200w, https:\/\/residenciasantjordi.es\/wp-content\/uploads\/taller-lectura-1-300x179.webp 300w, https:\/\/residenciasantjordi.es\/wp-content\/uploads\/taller-lectura-1-400x239.webp 400w, https:\/\/residenciasantjordi.es\/wp-content\/uploads\/taller-lectura-1-600x358.webp 600w, https:\/\/residenciasantjordi.es\/wp-content\/uploads\/taller-lectura-1-768x458.webp 768w, https:\/\/residenciasantjordi.es\/wp-content\/uploads\/taller-lectura-1-800x477.webp 800w, https:\/\/residenciasantjordi.es\/wp-content\/uploads\/taller-lectura-1.webp 1024w\" sizes=\"(max-width: 1024px) 100vw, 1024px\" \/><\/a><\/div><\/div><\/div><div class=\"swiper-slide\"><div class=\"fusion-carousel-item-wrapper\"><div class=\"fusion-image-wrapper hover-type-none\"><a data-rel=\"iLightbox[image_carousel_1]\" data-title=\"Taller de lectura con Fundaci\u00f3 La Calandria\" aria-label=\"Taller de lectura con Fundaci\u00f3 La Calandria\" href=\"https:\/\/residenciasantjordi.es\/wp-content\/uploads\/taller-lectura-2.webp\" target=\"_self\"><img decoding=\"async\" width=\"1024\" height=\"611\" src=\"https:\/\/residenciasantjordi.es\/wp-content\/uploads\/taller-lectura-2.webp\" class=\"attachment-full size-full\" alt=\"Taller de lectura con Fundaci\u00f3 La Calandria\" srcset=\"https:\/\/residenciasantjordi.es\/wp-content\/uploads\/taller-lectura-2-200x119.webp 200w, https:\/\/residenciasantjordi.es\/wp-content\/uploads\/taller-lectura-2-300x179.webp 300w, https:\/\/residenciasantjordi.es\/wp-content\/uploads\/taller-lectura-2-400x239.webp 400w, https:\/\/residenciasantjordi.es\/wp-content\/uploads\/taller-lectura-2-600x358.webp 600w, https:\/\/residenciasantjordi.es\/wp-content\/uploads\/taller-lectura-2-768x458.webp 768w, https:\/\/residenciasantjordi.es\/wp-content\/uploads\/taller-lectura-2-800x477.webp 800w, https:\/\/residenciasantjordi.es\/wp-content\/uploads\/taller-lectura-2.webp 1024w\" sizes=\"(max-width: 1024px) 100vw, 1024px\" \/><\/a><\/div><\/div><\/div><\/div><div class=\"awb-swiper-button awb-swiper-button-prev\"><i class=\"awb-icon-angle-left\" aria-hidden=\"true\"><\/i><\/div><div class=\"awb-swiper-button awb-swiper-button-next\"><i class=\"awb-icon-angle-right\" aria-hidden=\"true\"><\/i><\/div><\/div><\/div><\/div><\/div><div class=\"fusion-layout-column fusion_builder_column fusion-builder-column-2 fusion_builder_column_1_2 1_2 fusion-flex-column\" style=\"--awb-bg-size:cover;--awb-width-large:50%;--awb-margin-top-large:0px;--awb-spacing-right-large:3.84%;--awb-margin-bottom-large:20px;--awb-spacing-left-large:3.84%;--awb-width-medium:50%;--awb-order-medium:0;--awb-spacing-right-medium:3.84%;--awb-spacing-left-medium:3.84%;--awb-width-small:100%;--awb-order-small:0;--awb-spacing-right-small:1.92%;--awb-spacing-left-small:1.92%;\"><div class=\"fusion-column-wrapper fusion-column-has-shadow fusion-flex-justify-content-flex-start fusion-content-layout-column\"><div class=\"fusion-text fusion-text-1\" style=\"--awb-font-size:var(--awb-typography4-font-size);--awb-line-height:var(--awb-typography4-line-height);--awb-letter-spacing:var(--awb-typography4-letter-spacing);--awb-text-transform:var(--awb-typography4-text-transform);--awb-text-font-family:var(--awb-typography4-font-family);--awb-text-font-weight:var(--awb-typography4-font-weight);--awb-text-font-style:var(--awb-typography4-font-style);\"><p>En col\u00b7laboraci\u00f3 amb la <strong>Fundaci\u00f3 La Calandria<\/strong>, hem tingut un <strong>espai de lectura<\/strong> pensat per a estimular la ment, despertar records i crear moments de connexi\u00f3 entre els nostres residents. L&#8217;activitat combina la lectura en veu alta amb la conversa, generant un ambient relaxat on tots poden participar al seu ritme. A trav\u00e9s de les paraules, fomentem l&#8217;escolta, l&#8217;expressi\u00f3 i el plaer de compartir hist\u00f2ries.<\/p>\n<\/div><\/div><\/div><\/div><\/div>\n","protected":false},"excerpt":{"rendered":"","protected":false},"author":1,"featured_media":1673,"comment_status":"closed","ping_status":"closed","sticky":false,"template":"","format":"standard","meta":{"footnotes":""},"categories":[29],"tags":[],"class_list":["post-1888","post","type-post","status-publish","format-standard","has-post-thumbnail","hentry","category-blog-ca"],"yoast_head":"<!-- This site is optimized with the Yoast SEO plugin v27.4 - https:\/\/yoast.com\/product\/yoast-seo-wordpress\/ -->\n<title>Taller de lectura en Residencia Sant Jordi con Fundaci\u00f3 La Calandria<\/title>\n<meta name=\"description\" content=\"En col\u00b7laboraci\u00f3 amb la Fundaci\u00f3 La Calandra, hem realitzat un taller de lectura per a estimular la ment, despertar records i crear moments de connexi\u00f3 entre residents.\" \/>\n<meta name=\"robots\" content=\"index, follow, max-snippet:-1, max-image-preview:large, max-video-preview:-1\" \/>\n<link rel=\"canonical\" href=\"https:\/\/residenciasantjordi.es\/ca\/taller-de-lectura-amb-fundacio-la-calandria\/\" \/>\n<meta property=\"og:locale\" content=\"ca_ES\" \/>\n<meta property=\"og:type\" content=\"article\" \/>\n<meta property=\"og:title\" content=\"Taller de lectura en Residencia Sant Jordi con Fundaci\u00f3 La Calandria\" \/>\n<meta property=\"og:description\" content=\"En col\u00b7laboraci\u00f3 amb la Fundaci\u00f3 La Calandra, hem realitzat un taller de lectura per a estimular la ment, despertar records i crear moments de connexi\u00f3 entre residents.\" \/>\n<meta property=\"og:url\" content=\"https:\/\/residenciasantjordi.es\/ca\/taller-de-lectura-amb-fundacio-la-calandria\/\" \/>\n<meta property=\"og:site_name\" content=\"Residencia Sant Jordi\" \/>\n<meta property=\"article:published_time\" content=\"2025-04-09T08:11:41+00:00\" \/>\n<meta property=\"article:modified_time\" content=\"2025-04-14T11:02:00+00:00\" \/>\n<meta property=\"og:image\" content=\"https:\/\/residenciasantjordi.es\/wp-content\/uploads\/taller-lectura-d.webp\" \/>\n\t<meta property=\"og:image:width\" content=\"1200\" \/>\n\t<meta property=\"og:image:height\" content=\"680\" \/>\n\t<meta property=\"og:image:type\" content=\"image\/webp\" \/>\n<meta name=\"author\" content=\"admin\" \/>\n<meta name=\"twitter:card\" content=\"summary_large_image\" \/>\n<meta name=\"twitter:label1\" content=\"Escrit per\" \/>\n\t<meta name=\"twitter:data1\" content=\"admin\" \/>\n\t<meta name=\"twitter:label2\" content=\"Temps estimat de lectura\" \/>\n\t<meta name=\"twitter:data2\" content=\"2 minuts\" \/>\n<script type=\"application\/ld+json\" class=\"yoast-schema-graph\">{\"@context\":\"https:\\\/\\\/schema.org\",\"@graph\":[{\"@type\":\"Article\",\"@id\":\"https:\\\/\\\/residenciasantjordi.es\\\/ca\\\/taller-de-lectura-amb-fundacio-la-calandria\\\/#article\",\"isPartOf\":{\"@id\":\"https:\\\/\\\/residenciasantjordi.es\\\/ca\\\/taller-de-lectura-amb-fundacio-la-calandria\\\/\"},\"author\":{\"name\":\"admin\",\"@id\":\"https:\\\/\\\/residenciasantjordi.es\\\/ca\\\/#\\\/schema\\\/person\\\/4de4c8f6c770ba0d4c6e2571580862c4\"},\"headline\":\"Taller de lectura amb Fundaci\u00f3 La Calandria\",\"datePublished\":\"2025-04-09T08:11:41+00:00\",\"dateModified\":\"2025-04-14T11:02:00+00:00\",\"mainEntityOfPage\":{\"@id\":\"https:\\\/\\\/residenciasantjordi.es\\\/ca\\\/taller-de-lectura-amb-fundacio-la-calandria\\\/\"},\"wordCount\":2356,\"image\":{\"@id\":\"https:\\\/\\\/residenciasantjordi.es\\\/ca\\\/taller-de-lectura-amb-fundacio-la-calandria\\\/#primaryimage\"},\"thumbnailUrl\":\"https:\\\/\\\/residenciasantjordi.es\\\/wp-content\\\/uploads\\\/taller-lectura-d.webp\",\"articleSection\":[\"Blog\"],\"inLanguage\":\"ca\"},{\"@type\":\"WebPage\",\"@id\":\"https:\\\/\\\/residenciasantjordi.es\\\/ca\\\/taller-de-lectura-amb-fundacio-la-calandria\\\/\",\"url\":\"https:\\\/\\\/residenciasantjordi.es\\\/ca\\\/taller-de-lectura-amb-fundacio-la-calandria\\\/\",\"name\":\"Taller de lectura en Residencia Sant Jordi con Fundaci\u00f3 La Calandria\",\"isPartOf\":{\"@id\":\"https:\\\/\\\/residenciasantjordi.es\\\/ca\\\/#website\"},\"primaryImageOfPage\":{\"@id\":\"https:\\\/\\\/residenciasantjordi.es\\\/ca\\\/taller-de-lectura-amb-fundacio-la-calandria\\\/#primaryimage\"},\"image\":{\"@id\":\"https:\\\/\\\/residenciasantjordi.es\\\/ca\\\/taller-de-lectura-amb-fundacio-la-calandria\\\/#primaryimage\"},\"thumbnailUrl\":\"https:\\\/\\\/residenciasantjordi.es\\\/wp-content\\\/uploads\\\/taller-lectura-d.webp\",\"datePublished\":\"2025-04-09T08:11:41+00:00\",\"dateModified\":\"2025-04-14T11:02:00+00:00\",\"author\":{\"@id\":\"https:\\\/\\\/residenciasantjordi.es\\\/ca\\\/#\\\/schema\\\/person\\\/4de4c8f6c770ba0d4c6e2571580862c4\"},\"description\":\"En col\u00b7laboraci\u00f3 amb la Fundaci\u00f3 La Calandra, hem realitzat un taller de lectura per a estimular la ment, despertar records i crear moments de connexi\u00f3 entre residents.\",\"breadcrumb\":{\"@id\":\"https:\\\/\\\/residenciasantjordi.es\\\/ca\\\/taller-de-lectura-amb-fundacio-la-calandria\\\/#breadcrumb\"},\"inLanguage\":\"ca\",\"potentialAction\":[{\"@type\":\"ReadAction\",\"target\":[\"https:\\\/\\\/residenciasantjordi.es\\\/ca\\\/taller-de-lectura-amb-fundacio-la-calandria\\\/\"]}]},{\"@type\":\"ImageObject\",\"inLanguage\":\"ca\",\"@id\":\"https:\\\/\\\/residenciasantjordi.es\\\/ca\\\/taller-de-lectura-amb-fundacio-la-calandria\\\/#primaryimage\",\"url\":\"https:\\\/\\\/residenciasantjordi.es\\\/wp-content\\\/uploads\\\/taller-lectura-d.webp\",\"contentUrl\":\"https:\\\/\\\/residenciasantjordi.es\\\/wp-content\\\/uploads\\\/taller-lectura-d.webp\",\"width\":1200,\"height\":680,\"caption\":\"Taller de lectura en Residencia Sant Jordi con Fundaci\u00f3 La Calandria\"},{\"@type\":\"BreadcrumbList\",\"@id\":\"https:\\\/\\\/residenciasantjordi.es\\\/ca\\\/taller-de-lectura-amb-fundacio-la-calandria\\\/#breadcrumb\",\"itemListElement\":[{\"@type\":\"ListItem\",\"position\":1,\"name\":\"Inicio\",\"item\":\"https:\\\/\\\/residenciasantjordi.es\\\/ca\\\/\"},{\"@type\":\"ListItem\",\"position\":2,\"name\":\"Taller de lectura amb Fundaci\u00f3 La Calandria\"}]},{\"@type\":\"WebSite\",\"@id\":\"https:\\\/\\\/residenciasantjordi.es\\\/ca\\\/#website\",\"url\":\"https:\\\/\\\/residenciasantjordi.es\\\/ca\\\/\",\"name\":\"Residencia Sant Jordi\",\"description\":\"Residencia Sant Jordi\",\"potentialAction\":[{\"@type\":\"SearchAction\",\"target\":{\"@type\":\"EntryPoint\",\"urlTemplate\":\"https:\\\/\\\/residenciasantjordi.es\\\/ca\\\/?s={search_term_string}\"},\"query-input\":{\"@type\":\"PropertyValueSpecification\",\"valueRequired\":true,\"valueName\":\"search_term_string\"}}],\"inLanguage\":\"ca\"},{\"@type\":\"Person\",\"@id\":\"https:\\\/\\\/residenciasantjordi.es\\\/ca\\\/#\\\/schema\\\/person\\\/4de4c8f6c770ba0d4c6e2571580862c4\",\"name\":\"admin\",\"sameAs\":[\"https:\\\/\\\/residenciasantjordi.pruebasweb.com.es\"],\"url\":\"https:\\\/\\\/residenciasantjordi.es\\\/ca\\\/author\\\/qualityWP\\\/\"}]}<\/script>\n<!-- \/ Yoast SEO plugin. -->","yoast_head_json":{"title":"Taller de lectura en Residencia Sant Jordi con Fundaci\u00f3 La Calandria","description":"En col\u00b7laboraci\u00f3 amb la Fundaci\u00f3 La Calandra, hem realitzat un taller de lectura per a estimular la ment, despertar records i crear moments de connexi\u00f3 entre residents.","robots":{"index":"index","follow":"follow","max-snippet":"max-snippet:-1","max-image-preview":"max-image-preview:large","max-video-preview":"max-video-preview:-1"},"canonical":"https:\/\/residenciasantjordi.es\/ca\/taller-de-lectura-amb-fundacio-la-calandria\/","og_locale":"ca_ES","og_type":"article","og_title":"Taller de lectura en Residencia Sant Jordi con Fundaci\u00f3 La Calandria","og_description":"En col\u00b7laboraci\u00f3 amb la Fundaci\u00f3 La Calandra, hem realitzat un taller de lectura per a estimular la ment, despertar records i crear moments de connexi\u00f3 entre residents.","og_url":"https:\/\/residenciasantjordi.es\/ca\/taller-de-lectura-amb-fundacio-la-calandria\/","og_site_name":"Residencia Sant Jordi","article_published_time":"2025-04-09T08:11:41+00:00","article_modified_time":"2025-04-14T11:02:00+00:00","og_image":[{"width":1200,"height":680,"url":"https:\/\/residenciasantjordi.es\/wp-content\/uploads\/taller-lectura-d.webp","type":"image\/webp"}],"author":"admin","twitter_card":"summary_large_image","twitter_misc":{"Escrit per":"admin","Temps estimat de lectura":"2 minuts"},"schema":{"@context":"https:\/\/schema.org","@graph":[{"@type":"Article","@id":"https:\/\/residenciasantjordi.es\/ca\/taller-de-lectura-amb-fundacio-la-calandria\/#article","isPartOf":{"@id":"https:\/\/residenciasantjordi.es\/ca\/taller-de-lectura-amb-fundacio-la-calandria\/"},"author":{"name":"admin","@id":"https:\/\/residenciasantjordi.es\/ca\/#\/schema\/person\/4de4c8f6c770ba0d4c6e2571580862c4"},"headline":"Taller de lectura amb Fundaci\u00f3 La Calandria","datePublished":"2025-04-09T08:11:41+00:00","dateModified":"2025-04-14T11:02:00+00:00","mainEntityOfPage":{"@id":"https:\/\/residenciasantjordi.es\/ca\/taller-de-lectura-amb-fundacio-la-calandria\/"},"wordCount":2356,"image":{"@id":"https:\/\/residenciasantjordi.es\/ca\/taller-de-lectura-amb-fundacio-la-calandria\/#primaryimage"},"thumbnailUrl":"https:\/\/residenciasantjordi.es\/wp-content\/uploads\/taller-lectura-d.webp","articleSection":["Blog"],"inLanguage":"ca"},{"@type":"WebPage","@id":"https:\/\/residenciasantjordi.es\/ca\/taller-de-lectura-amb-fundacio-la-calandria\/","url":"https:\/\/residenciasantjordi.es\/ca\/taller-de-lectura-amb-fundacio-la-calandria\/","name":"Taller de lectura en Residencia Sant Jordi con Fundaci\u00f3 La Calandria","isPartOf":{"@id":"https:\/\/residenciasantjordi.es\/ca\/#website"},"primaryImageOfPage":{"@id":"https:\/\/residenciasantjordi.es\/ca\/taller-de-lectura-amb-fundacio-la-calandria\/#primaryimage"},"image":{"@id":"https:\/\/residenciasantjordi.es\/ca\/taller-de-lectura-amb-fundacio-la-calandria\/#primaryimage"},"thumbnailUrl":"https:\/\/residenciasantjordi.es\/wp-content\/uploads\/taller-lectura-d.webp","datePublished":"2025-04-09T08:11:41+00:00","dateModified":"2025-04-14T11:02:00+00:00","author":{"@id":"https:\/\/residenciasantjordi.es\/ca\/#\/schema\/person\/4de4c8f6c770ba0d4c6e2571580862c4"},"description":"En col\u00b7laboraci\u00f3 amb la Fundaci\u00f3 La Calandra, hem realitzat un taller de lectura per a estimular la ment, despertar records i crear moments de connexi\u00f3 entre residents.","breadcrumb":{"@id":"https:\/\/residenciasantjordi.es\/ca\/taller-de-lectura-amb-fundacio-la-calandria\/#breadcrumb"},"inLanguage":"ca","potentialAction":[{"@type":"ReadAction","target":["https:\/\/residenciasantjordi.es\/ca\/taller-de-lectura-amb-fundacio-la-calandria\/"]}]},{"@type":"ImageObject","inLanguage":"ca","@id":"https:\/\/residenciasantjordi.es\/ca\/taller-de-lectura-amb-fundacio-la-calandria\/#primaryimage","url":"https:\/\/residenciasantjordi.es\/wp-content\/uploads\/taller-lectura-d.webp","contentUrl":"https:\/\/residenciasantjordi.es\/wp-content\/uploads\/taller-lectura-d.webp","width":1200,"height":680,"caption":"Taller de lectura en Residencia Sant Jordi con Fundaci\u00f3 La Calandria"},{"@type":"BreadcrumbList","@id":"https:\/\/residenciasantjordi.es\/ca\/taller-de-lectura-amb-fundacio-la-calandria\/#breadcrumb","itemListElement":[{"@type":"ListItem","position":1,"name":"Inicio","item":"https:\/\/residenciasantjordi.es\/ca\/"},{"@type":"ListItem","position":2,"name":"Taller de lectura amb Fundaci\u00f3 La Calandria"}]},{"@type":"WebSite","@id":"https:\/\/residenciasantjordi.es\/ca\/#website","url":"https:\/\/residenciasantjordi.es\/ca\/","name":"Residencia Sant Jordi","description":"Residencia Sant Jordi","potentialAction":[{"@type":"SearchAction","target":{"@type":"EntryPoint","urlTemplate":"https:\/\/residenciasantjordi.es\/ca\/?s={search_term_string}"},"query-input":{"@type":"PropertyValueSpecification","valueRequired":true,"valueName":"search_term_string"}}],"inLanguage":"ca"},{"@type":"Person","@id":"https:\/\/residenciasantjordi.es\/ca\/#\/schema\/person\/4de4c8f6c770ba0d4c6e2571580862c4","name":"admin","sameAs":["https:\/\/residenciasantjordi.pruebasweb.com.es"],"url":"https:\/\/residenciasantjordi.es\/ca\/author\/qualityWP\/"}]}},"_links":{"self":[{"href":"https:\/\/residenciasantjordi.es\/ca\/wp-json\/wp\/v2\/posts\/1888","targetHints":{"allow":["GET"]}}],"collection":[{"href":"https:\/\/residenciasantjordi.es\/ca\/wp-json\/wp\/v2\/posts"}],"about":[{"href":"https:\/\/residenciasantjordi.es\/ca\/wp-json\/wp\/v2\/types\/post"}],"author":[{"embeddable":true,"href":"https:\/\/residenciasantjordi.es\/ca\/wp-json\/wp\/v2\/users\/1"}],"replies":[{"embeddable":true,"href":"https:\/\/residenciasantjordi.es\/ca\/wp-json\/wp\/v2\/comments?post=1888"}],"version-history":[{"count":2,"href":"https:\/\/residenciasantjordi.es\/ca\/wp-json\/wp\/v2\/posts\/1888\/revisions"}],"predecessor-version":[{"id":1890,"href":"https:\/\/residenciasantjordi.es\/ca\/wp-json\/wp\/v2\/posts\/1888\/revisions\/1890"}],"wp:featuredmedia":[{"embeddable":true,"href":"https:\/\/residenciasantjordi.es\/ca\/wp-json\/wp\/v2\/media\/1673"}],"wp:attachment":[{"href":"https:\/\/residenciasantjordi.es\/ca\/wp-json\/wp\/v2\/media?parent=1888"}],"wp:term":[{"taxonomy":"category","embeddable":true,"href":"https:\/\/residenciasantjordi.es\/ca\/wp-json\/wp\/v2\/categories?post=1888"},{"taxonomy":"post_tag","embeddable":true,"href":"https:\/\/residenciasantjordi.es\/ca\/wp-json\/wp\/v2\/tags?post=1888"}],"curies":[{"name":"wp","href":"https:\/\/api.w.org\/{rel}","templated":true}]}}