{"id":2328,"date":"2025-09-18T15:10:26","date_gmt":"2025-09-18T13:10:26","guid":{"rendered":"https:\/\/residenciasantjordi.es\/?p=2328"},"modified":"2025-09-19T12:37:21","modified_gmt":"2025-09-19T10:37:21","slug":"parla-amb-el-cos-dansa-i-logopedia-a-la-residencia-sant-jordi","status":"publish","type":"post","link":"https:\/\/residenciasantjordi.es\/ca\/parla-amb-el-cos-dansa-i-logopedia-a-la-residencia-sant-jordi\/","title":{"rendered":"\u201cParla amb el cos\u201d: dansa i logop\u00e8dia a la Resid\u00e8ncia Sant Jordi"},"content":{"rendered":"<div class=\"fusion-fullwidth fullwidth-box fusion-builder-row-1 fusion-flex-container has-pattern-background has-mask-background nonhundred-percent-fullwidth non-hundred-percent-height-scrolling\" style=\"--awb-border-radius-top-left:0px;--awb-border-radius-top-right:0px;--awb-border-radius-bottom-right:0px;--awb-border-radius-bottom-left:0px;--awb-flex-wrap:wrap;\" ><div class=\"fusion-builder-row fusion-row fusion-flex-align-items-flex-start fusion-flex-content-wrap\" style=\"max-width:1612px;margin-left: calc(-4% \/ 2 );margin-right: calc(-4% \/ 2 );\"><div class=\"fusion-layout-column fusion_builder_column fusion-builder-column-0 awb-sticky awb-sticky-large fusion_builder_column_1_2 1_2 fusion-flex-column\" style=\"--awb-bg-size:cover;--awb-width-large:50%;--awb-margin-top-large:0px;--awb-spacing-right-large:3.84%;--awb-margin-bottom-large:20px;--awb-spacing-left-large:3.84%;--awb-width-medium:50%;--awb-order-medium:0;--awb-spacing-right-medium:3.84%;--awb-spacing-left-medium:3.84%;--awb-width-small:100%;--awb-order-small:0;--awb-spacing-right-small:1.92%;--awb-spacing-left-small:1.92%;--awb-sticky-offset:150px;\" data-scroll-devices=\"small-visibility,medium-visibility,large-visibility\"><div class=\"fusion-column-wrapper fusion-column-has-shadow fusion-flex-justify-content-flex-start fusion-content-layout-column\"><div class=\"fusion-image-element \" style=\"--awb-caption-title-font-family:var(--h2_typography-font-family);--awb-caption-title-font-weight:var(--h2_typography-font-weight);--awb-caption-title-font-style:var(--h2_typography-font-style);--awb-caption-title-size:var(--h2_typography-font-size);--awb-caption-title-transform:var(--h2_typography-text-transform);--awb-caption-title-line-height:var(--h2_typography-line-height);--awb-caption-title-letter-spacing:var(--h2_typography-letter-spacing);\"><span class=\" fusion-imageframe imageframe-none imageframe-1 hover-type-none\"><img decoding=\"async\" width=\"457\" height=\"640\" alt=\"Actividad de danza y logopedia en Residencia Sant Jordi\" title=\"Actividad de danza y logopedia en Residencia Sant Jordi\" src=\"https:\/\/residenciasantjordi.es\/wp-content\/uploads\/marta-daniel-llinas-residenciasantjordi-3.webp\" class=\"img-responsive wp-image-2339\" srcset=\"https:\/\/residenciasantjordi.es\/wp-content\/uploads\/marta-daniel-llinas-residenciasantjordi-3-200x280.webp 200w, https:\/\/residenciasantjordi.es\/wp-content\/uploads\/marta-daniel-llinas-residenciasantjordi-3-400x560.webp 400w, https:\/\/residenciasantjordi.es\/wp-content\/uploads\/marta-daniel-llinas-residenciasantjordi-3.webp 457w\" sizes=\"(max-width: 640px) 100vw, 457px\" \/><\/span><\/div><\/div><\/div><div class=\"fusion-layout-column fusion_builder_column fusion-builder-column-1 fusion_builder_column_1_2 1_2 fusion-flex-column fusion-flex-align-self-center\" style=\"--awb-bg-size:cover;--awb-width-large:50%;--awb-margin-top-large:0px;--awb-spacing-right-large:3.84%;--awb-margin-bottom-large:20px;--awb-spacing-left-large:3.84%;--awb-width-medium:50%;--awb-order-medium:0;--awb-spacing-right-medium:3.84%;--awb-spacing-left-medium:3.84%;--awb-width-small:100%;--awb-order-small:0;--awb-spacing-right-small:1.92%;--awb-spacing-left-small:1.92%;\" data-scroll-devices=\"small-visibility,medium-visibility,large-visibility\"><div class=\"fusion-column-wrapper fusion-column-has-shadow fusion-flex-justify-content-flex-start fusion-content-layout-column\"><div class=\"fusion-text fusion-text-1\" style=\"--awb-font-size:var(--awb-typography4-font-size);--awb-line-height:var(--awb-typography4-line-height);--awb-letter-spacing:var(--awb-typography4-letter-spacing);--awb-text-transform:var(--awb-typography4-text-transform);--awb-text-font-family:var(--awb-typography4-font-family);--awb-text-font-weight:var(--awb-typography4-font-weight);--awb-text-font-style:var(--awb-typography4-font-style);\"><p>A la Resid\u00e8ncia Sant Jordi hem incorporat la nova activitat de <strong>Ball contemporani<\/strong>. A c\u00e0rrec de Marta Daniel Llinas, ballarina i logopeda, l&#8217;activitat combina dansa i logop\u00e8dia amb l\u2019objectiu de treballar la consci\u00e8ncia corporal, la parla i el moviment de manera integrada i creativa.<\/p>\n<p>La fusi\u00f3 d\u2019aquestes dues disciplines permet un abordatge integral: mentre la logop\u00e8dia incideix en les <strong>funcions comunicatives i cognitives<\/strong>, la dansa refor\u00e7a la <strong>consci\u00e8ncia corporal, l\u2019expressi\u00f3 no verbal i el benestar emocional<\/strong>. A m\u00e9s, totes dues fomenten la <strong>motivaci\u00f3 <\/strong>i la <strong>participaci\u00f3 <\/strong>activa, aspectes fonamentals per mantenir la qualitat de vida a la vellesa.<\/p>\n<p>Treballar conjuntament la dansa i la logop\u00e8dia obre la porta a <strong>intervencions creatives, din\u00e0miques i humanitzades<\/strong> que donen resposta a les necessitats reals de les persones grans, des d\u2019una mirada hol\u00edstica i respectuosa amb el proc\u00e9s d\u2019envelliment.<\/p>\n<p>L\u2019objectiu d\u2019aquestes sessions \u00e9s oferir als nostres residents un espai on expressar-se amb el cos, estimular les capacitats comunicatives i corporals, i <strong>mantenir actives<\/strong> aquelles facultats que amb el temps poden anar-se debilitant.<\/p>\n<p>A la Resid\u00e8ncia Sant Jordi entenem que cuidar la salut i el benestar \u00e9s molt m\u00e9s que una atenci\u00f3 f\u00edsica; \u00e9s tamb\u00e9 oferir espais per cr\u00e9ixer, expressar-se i viure amb plenitud. Per aix\u00f2, en aquestes sessions,<strong> parlem amb el cos i ballem les paraules<\/strong>.<\/p>\n<\/div><\/div><\/div><\/div><\/div>\n","protected":false},"excerpt":{"rendered":"","protected":false},"author":1,"featured_media":2334,"comment_status":"closed","ping_status":"open","sticky":false,"template":"","format":"standard","meta":{"footnotes":""},"categories":[29],"tags":[],"class_list":["post-2328","post","type-post","status-publish","format-standard","has-post-thumbnail","hentry","category-blog-ca"],"yoast_head":"<!-- This site is optimized with the Yoast SEO plugin v27.4 - https:\/\/yoast.com\/product\/yoast-seo-wordpress\/ -->\n<title>Activitat de dansa i logop\u00e8dia a la Resid\u00e8ncia Sant Jordi<\/title>\n<meta name=\"description\" content=\"A la Resid\u00e8ncia Sant Jordi entenem que cuidar la salut i el benestar \u00e9s molt m\u00e9s que una atenci\u00f3 f\u00edsica. Aquesta activitat ens permet parlar amb el cos i ballar les paraules.\" \/>\n<meta name=\"robots\" content=\"index, follow, max-snippet:-1, max-image-preview:large, max-video-preview:-1\" \/>\n<link rel=\"canonical\" href=\"https:\/\/residenciasantjordi.es\/ca\/parla-amb-el-cos-dansa-i-logopedia-a-la-residencia-sant-jordi\/\" \/>\n<meta property=\"og:locale\" content=\"ca_ES\" \/>\n<meta property=\"og:type\" content=\"article\" \/>\n<meta property=\"og:title\" content=\"Activitat de dansa i logop\u00e8dia a la Resid\u00e8ncia Sant Jordi\" \/>\n<meta property=\"og:description\" content=\"A la Resid\u00e8ncia Sant Jordi entenem que cuidar la salut i el benestar \u00e9s molt m\u00e9s que una atenci\u00f3 f\u00edsica. Aquesta activitat ens permet parlar amb el cos i ballar les paraules.\" \/>\n<meta property=\"og:url\" content=\"https:\/\/residenciasantjordi.es\/ca\/parla-amb-el-cos-dansa-i-logopedia-a-la-residencia-sant-jordi\/\" \/>\n<meta property=\"og:site_name\" content=\"Residencia Sant Jordi\" \/>\n<meta property=\"article:published_time\" content=\"2025-09-18T13:10:26+00:00\" \/>\n<meta property=\"article:modified_time\" content=\"2025-09-19T10:37:21+00:00\" \/>\n<meta property=\"og:image\" content=\"https:\/\/residenciasantjordi.es\/wp-content\/uploads\/marta-daniel-llinas-residenciasantjordi-2.webp\" \/>\n\t<meta property=\"og:image:width\" content=\"1200\" \/>\n\t<meta property=\"og:image:height\" content=\"680\" \/>\n\t<meta property=\"og:image:type\" content=\"image\/webp\" \/>\n<meta name=\"author\" content=\"admin\" \/>\n<meta name=\"twitter:card\" content=\"summary_large_image\" \/>\n<meta name=\"twitter:label1\" content=\"Escrit per\" \/>\n\t<meta name=\"twitter:data1\" content=\"admin\" \/>\n\t<meta name=\"twitter:label2\" content=\"Temps estimat de lectura\" \/>\n\t<meta name=\"twitter:data2\" content=\"2 minuts\" \/>\n<script type=\"application\/ld+json\" class=\"yoast-schema-graph\">{\"@context\":\"https:\\\/\\\/schema.org\",\"@graph\":[{\"@type\":\"Article\",\"@id\":\"https:\\\/\\\/residenciasantjordi.es\\\/ca\\\/parla-amb-el-cos-dansa-i-logopedia-a-la-residencia-sant-jordi\\\/#article\",\"isPartOf\":{\"@id\":\"https:\\\/\\\/residenciasantjordi.es\\\/ca\\\/parla-amb-el-cos-dansa-i-logopedia-a-la-residencia-sant-jordi\\\/\"},\"author\":{\"name\":\"admin\",\"@id\":\"https:\\\/\\\/residenciasantjordi.es\\\/ca\\\/#\\\/schema\\\/person\\\/4de4c8f6c770ba0d4c6e2571580862c4\"},\"headline\":\"\u201cParla amb el cos\u201d: dansa i logop\u00e8dia a la Resid\u00e8ncia Sant Jordi\",\"datePublished\":\"2025-09-18T13:10:26+00:00\",\"dateModified\":\"2025-09-19T10:37:21+00:00\",\"mainEntityOfPage\":{\"@id\":\"https:\\\/\\\/residenciasantjordi.es\\\/ca\\\/parla-amb-el-cos-dansa-i-logopedia-a-la-residencia-sant-jordi\\\/\"},\"wordCount\":2245,\"image\":{\"@id\":\"https:\\\/\\\/residenciasantjordi.es\\\/ca\\\/parla-amb-el-cos-dansa-i-logopedia-a-la-residencia-sant-jordi\\\/#primaryimage\"},\"thumbnailUrl\":\"https:\\\/\\\/residenciasantjordi.es\\\/wp-content\\\/uploads\\\/marta-daniel-llinas-residenciasantjordi-2.webp\",\"articleSection\":[\"Blog\"],\"inLanguage\":\"ca\"},{\"@type\":\"WebPage\",\"@id\":\"https:\\\/\\\/residenciasantjordi.es\\\/ca\\\/parla-amb-el-cos-dansa-i-logopedia-a-la-residencia-sant-jordi\\\/\",\"url\":\"https:\\\/\\\/residenciasantjordi.es\\\/ca\\\/parla-amb-el-cos-dansa-i-logopedia-a-la-residencia-sant-jordi\\\/\",\"name\":\"Activitat de dansa i logop\u00e8dia a la Resid\u00e8ncia Sant Jordi\",\"isPartOf\":{\"@id\":\"https:\\\/\\\/residenciasantjordi.es\\\/ca\\\/#website\"},\"primaryImageOfPage\":{\"@id\":\"https:\\\/\\\/residenciasantjordi.es\\\/ca\\\/parla-amb-el-cos-dansa-i-logopedia-a-la-residencia-sant-jordi\\\/#primaryimage\"},\"image\":{\"@id\":\"https:\\\/\\\/residenciasantjordi.es\\\/ca\\\/parla-amb-el-cos-dansa-i-logopedia-a-la-residencia-sant-jordi\\\/#primaryimage\"},\"thumbnailUrl\":\"https:\\\/\\\/residenciasantjordi.es\\\/wp-content\\\/uploads\\\/marta-daniel-llinas-residenciasantjordi-2.webp\",\"datePublished\":\"2025-09-18T13:10:26+00:00\",\"dateModified\":\"2025-09-19T10:37:21+00:00\",\"author\":{\"@id\":\"https:\\\/\\\/residenciasantjordi.es\\\/ca\\\/#\\\/schema\\\/person\\\/4de4c8f6c770ba0d4c6e2571580862c4\"},\"description\":\"A la Resid\u00e8ncia Sant Jordi entenem que cuidar la salut i el benestar \u00e9s molt m\u00e9s que una atenci\u00f3 f\u00edsica. Aquesta activitat ens permet parlar amb el cos i ballar les paraules.\",\"breadcrumb\":{\"@id\":\"https:\\\/\\\/residenciasantjordi.es\\\/ca\\\/parla-amb-el-cos-dansa-i-logopedia-a-la-residencia-sant-jordi\\\/#breadcrumb\"},\"inLanguage\":\"ca\",\"potentialAction\":[{\"@type\":\"ReadAction\",\"target\":[\"https:\\\/\\\/residenciasantjordi.es\\\/ca\\\/parla-amb-el-cos-dansa-i-logopedia-a-la-residencia-sant-jordi\\\/\"]}]},{\"@type\":\"ImageObject\",\"inLanguage\":\"ca\",\"@id\":\"https:\\\/\\\/residenciasantjordi.es\\\/ca\\\/parla-amb-el-cos-dansa-i-logopedia-a-la-residencia-sant-jordi\\\/#primaryimage\",\"url\":\"https:\\\/\\\/residenciasantjordi.es\\\/wp-content\\\/uploads\\\/marta-daniel-llinas-residenciasantjordi-2.webp\",\"contentUrl\":\"https:\\\/\\\/residenciasantjordi.es\\\/wp-content\\\/uploads\\\/marta-daniel-llinas-residenciasantjordi-2.webp\",\"width\":1200,\"height\":680,\"caption\":\"Actividad de danza y logopedia en Residencia Sant Jordi\"},{\"@type\":\"BreadcrumbList\",\"@id\":\"https:\\\/\\\/residenciasantjordi.es\\\/ca\\\/parla-amb-el-cos-dansa-i-logopedia-a-la-residencia-sant-jordi\\\/#breadcrumb\",\"itemListElement\":[{\"@type\":\"ListItem\",\"position\":1,\"name\":\"Inicio\",\"item\":\"https:\\\/\\\/residenciasantjordi.es\\\/ca\\\/\"},{\"@type\":\"ListItem\",\"position\":2,\"name\":\"\u201cParla amb el cos\u201d: dansa i logop\u00e8dia a la Resid\u00e8ncia Sant Jordi\"}]},{\"@type\":\"WebSite\",\"@id\":\"https:\\\/\\\/residenciasantjordi.es\\\/ca\\\/#website\",\"url\":\"https:\\\/\\\/residenciasantjordi.es\\\/ca\\\/\",\"name\":\"Residencia Sant Jordi\",\"description\":\"Residencia Sant Jordi\",\"potentialAction\":[{\"@type\":\"SearchAction\",\"target\":{\"@type\":\"EntryPoint\",\"urlTemplate\":\"https:\\\/\\\/residenciasantjordi.es\\\/ca\\\/?s={search_term_string}\"},\"query-input\":{\"@type\":\"PropertyValueSpecification\",\"valueRequired\":true,\"valueName\":\"search_term_string\"}}],\"inLanguage\":\"ca\"},{\"@type\":\"Person\",\"@id\":\"https:\\\/\\\/residenciasantjordi.es\\\/ca\\\/#\\\/schema\\\/person\\\/4de4c8f6c770ba0d4c6e2571580862c4\",\"name\":\"admin\",\"sameAs\":[\"https:\\\/\\\/residenciasantjordi.pruebasweb.com.es\"],\"url\":\"https:\\\/\\\/residenciasantjordi.es\\\/ca\\\/author\\\/qualityWP\\\/\"}]}<\/script>\n<!-- \/ Yoast SEO plugin. -->","yoast_head_json":{"title":"Activitat de dansa i logop\u00e8dia a la Resid\u00e8ncia Sant Jordi","description":"A la Resid\u00e8ncia Sant Jordi entenem que cuidar la salut i el benestar \u00e9s molt m\u00e9s que una atenci\u00f3 f\u00edsica. Aquesta activitat ens permet parlar amb el cos i ballar les paraules.","robots":{"index":"index","follow":"follow","max-snippet":"max-snippet:-1","max-image-preview":"max-image-preview:large","max-video-preview":"max-video-preview:-1"},"canonical":"https:\/\/residenciasantjordi.es\/ca\/parla-amb-el-cos-dansa-i-logopedia-a-la-residencia-sant-jordi\/","og_locale":"ca_ES","og_type":"article","og_title":"Activitat de dansa i logop\u00e8dia a la Resid\u00e8ncia Sant Jordi","og_description":"A la Resid\u00e8ncia Sant Jordi entenem que cuidar la salut i el benestar \u00e9s molt m\u00e9s que una atenci\u00f3 f\u00edsica. Aquesta activitat ens permet parlar amb el cos i ballar les paraules.","og_url":"https:\/\/residenciasantjordi.es\/ca\/parla-amb-el-cos-dansa-i-logopedia-a-la-residencia-sant-jordi\/","og_site_name":"Residencia Sant Jordi","article_published_time":"2025-09-18T13:10:26+00:00","article_modified_time":"2025-09-19T10:37:21+00:00","og_image":[{"width":1200,"height":680,"url":"https:\/\/residenciasantjordi.es\/wp-content\/uploads\/marta-daniel-llinas-residenciasantjordi-2.webp","type":"image\/webp"}],"author":"admin","twitter_card":"summary_large_image","twitter_misc":{"Escrit per":"admin","Temps estimat de lectura":"2 minuts"},"schema":{"@context":"https:\/\/schema.org","@graph":[{"@type":"Article","@id":"https:\/\/residenciasantjordi.es\/ca\/parla-amb-el-cos-dansa-i-logopedia-a-la-residencia-sant-jordi\/#article","isPartOf":{"@id":"https:\/\/residenciasantjordi.es\/ca\/parla-amb-el-cos-dansa-i-logopedia-a-la-residencia-sant-jordi\/"},"author":{"name":"admin","@id":"https:\/\/residenciasantjordi.es\/ca\/#\/schema\/person\/4de4c8f6c770ba0d4c6e2571580862c4"},"headline":"\u201cParla amb el cos\u201d: dansa i logop\u00e8dia a la Resid\u00e8ncia Sant Jordi","datePublished":"2025-09-18T13:10:26+00:00","dateModified":"2025-09-19T10:37:21+00:00","mainEntityOfPage":{"@id":"https:\/\/residenciasantjordi.es\/ca\/parla-amb-el-cos-dansa-i-logopedia-a-la-residencia-sant-jordi\/"},"wordCount":2245,"image":{"@id":"https:\/\/residenciasantjordi.es\/ca\/parla-amb-el-cos-dansa-i-logopedia-a-la-residencia-sant-jordi\/#primaryimage"},"thumbnailUrl":"https:\/\/residenciasantjordi.es\/wp-content\/uploads\/marta-daniel-llinas-residenciasantjordi-2.webp","articleSection":["Blog"],"inLanguage":"ca"},{"@type":"WebPage","@id":"https:\/\/residenciasantjordi.es\/ca\/parla-amb-el-cos-dansa-i-logopedia-a-la-residencia-sant-jordi\/","url":"https:\/\/residenciasantjordi.es\/ca\/parla-amb-el-cos-dansa-i-logopedia-a-la-residencia-sant-jordi\/","name":"Activitat de dansa i logop\u00e8dia a la Resid\u00e8ncia Sant Jordi","isPartOf":{"@id":"https:\/\/residenciasantjordi.es\/ca\/#website"},"primaryImageOfPage":{"@id":"https:\/\/residenciasantjordi.es\/ca\/parla-amb-el-cos-dansa-i-logopedia-a-la-residencia-sant-jordi\/#primaryimage"},"image":{"@id":"https:\/\/residenciasantjordi.es\/ca\/parla-amb-el-cos-dansa-i-logopedia-a-la-residencia-sant-jordi\/#primaryimage"},"thumbnailUrl":"https:\/\/residenciasantjordi.es\/wp-content\/uploads\/marta-daniel-llinas-residenciasantjordi-2.webp","datePublished":"2025-09-18T13:10:26+00:00","dateModified":"2025-09-19T10:37:21+00:00","author":{"@id":"https:\/\/residenciasantjordi.es\/ca\/#\/schema\/person\/4de4c8f6c770ba0d4c6e2571580862c4"},"description":"A la Resid\u00e8ncia Sant Jordi entenem que cuidar la salut i el benestar \u00e9s molt m\u00e9s que una atenci\u00f3 f\u00edsica. Aquesta activitat ens permet parlar amb el cos i ballar les paraules.","breadcrumb":{"@id":"https:\/\/residenciasantjordi.es\/ca\/parla-amb-el-cos-dansa-i-logopedia-a-la-residencia-sant-jordi\/#breadcrumb"},"inLanguage":"ca","potentialAction":[{"@type":"ReadAction","target":["https:\/\/residenciasantjordi.es\/ca\/parla-amb-el-cos-dansa-i-logopedia-a-la-residencia-sant-jordi\/"]}]},{"@type":"ImageObject","inLanguage":"ca","@id":"https:\/\/residenciasantjordi.es\/ca\/parla-amb-el-cos-dansa-i-logopedia-a-la-residencia-sant-jordi\/#primaryimage","url":"https:\/\/residenciasantjordi.es\/wp-content\/uploads\/marta-daniel-llinas-residenciasantjordi-2.webp","contentUrl":"https:\/\/residenciasantjordi.es\/wp-content\/uploads\/marta-daniel-llinas-residenciasantjordi-2.webp","width":1200,"height":680,"caption":"Actividad de danza y logopedia en Residencia Sant Jordi"},{"@type":"BreadcrumbList","@id":"https:\/\/residenciasantjordi.es\/ca\/parla-amb-el-cos-dansa-i-logopedia-a-la-residencia-sant-jordi\/#breadcrumb","itemListElement":[{"@type":"ListItem","position":1,"name":"Inicio","item":"https:\/\/residenciasantjordi.es\/ca\/"},{"@type":"ListItem","position":2,"name":"\u201cParla amb el cos\u201d: dansa i logop\u00e8dia a la Resid\u00e8ncia Sant Jordi"}]},{"@type":"WebSite","@id":"https:\/\/residenciasantjordi.es\/ca\/#website","url":"https:\/\/residenciasantjordi.es\/ca\/","name":"Residencia Sant Jordi","description":"Residencia Sant Jordi","potentialAction":[{"@type":"SearchAction","target":{"@type":"EntryPoint","urlTemplate":"https:\/\/residenciasantjordi.es\/ca\/?s={search_term_string}"},"query-input":{"@type":"PropertyValueSpecification","valueRequired":true,"valueName":"search_term_string"}}],"inLanguage":"ca"},{"@type":"Person","@id":"https:\/\/residenciasantjordi.es\/ca\/#\/schema\/person\/4de4c8f6c770ba0d4c6e2571580862c4","name":"admin","sameAs":["https:\/\/residenciasantjordi.pruebasweb.com.es"],"url":"https:\/\/residenciasantjordi.es\/ca\/author\/qualityWP\/"}]}},"_links":{"self":[{"href":"https:\/\/residenciasantjordi.es\/ca\/wp-json\/wp\/v2\/posts\/2328","targetHints":{"allow":["GET"]}}],"collection":[{"href":"https:\/\/residenciasantjordi.es\/ca\/wp-json\/wp\/v2\/posts"}],"about":[{"href":"https:\/\/residenciasantjordi.es\/ca\/wp-json\/wp\/v2\/types\/post"}],"author":[{"embeddable":true,"href":"https:\/\/residenciasantjordi.es\/ca\/wp-json\/wp\/v2\/users\/1"}],"replies":[{"embeddable":true,"href":"https:\/\/residenciasantjordi.es\/ca\/wp-json\/wp\/v2\/comments?post=2328"}],"version-history":[{"count":5,"href":"https:\/\/residenciasantjordi.es\/ca\/wp-json\/wp\/v2\/posts\/2328\/revisions"}],"predecessor-version":[{"id":2344,"href":"https:\/\/residenciasantjordi.es\/ca\/wp-json\/wp\/v2\/posts\/2328\/revisions\/2344"}],"wp:featuredmedia":[{"embeddable":true,"href":"https:\/\/residenciasantjordi.es\/ca\/wp-json\/wp\/v2\/media\/2334"}],"wp:attachment":[{"href":"https:\/\/residenciasantjordi.es\/ca\/wp-json\/wp\/v2\/media?parent=2328"}],"wp:term":[{"taxonomy":"category","embeddable":true,"href":"https:\/\/residenciasantjordi.es\/ca\/wp-json\/wp\/v2\/categories?post=2328"},{"taxonomy":"post_tag","embeddable":true,"href":"https:\/\/residenciasantjordi.es\/ca\/wp-json\/wp\/v2\/tags?post=2328"}],"curies":[{"name":"wp","href":"https:\/\/api.w.org\/{rel}","templated":true}]}}